{"id":9762,"date":"2024-12-17T07:51:01","date_gmt":"2024-12-17T07:51:01","guid":{"rendered":"https:\/\/www.automakers.cz\/?p=9762"},"modified":"2024-12-19T08:09:48","modified_gmt":"2024-12-19T08:09:48","slug":"porsche-ocekava-znehodnoceni-sve-investice-do-vw","status":"publish","type":"post","link":"https:\/\/www.automakers.cz\/?p=9762","title":{"rendered":"Porsche o\u010dek\u00e1v\u00e1 znehodnocen\u00ed sv\u00e9 investice do VW"},"content":{"rendered":"<p class=\"c_a4 g_gP speakable\" data-dot=\"ogm-article-perex\"><strong>Porsche SE, nejv\u011bt\u0161\u00ed akcion\u00e1\u0159 koncernu Volkswagen, o\u010dek\u00e1v\u00e1, \u017ee ze sv\u00e9 investice do nejv\u011bt\u0161\u00ed evropsk\u00e9 automobilky odep\u00ed\u0161e sedm a\u017e 20 miliard eur (175 a\u017e 500 miliard K). Zpr\u00e1va je podle agentury Reuters posledn\u00ed uk\u00e1zkou toho, jak krize ve Volkswagenu ot\u0159\u00e1sla d\u016fv\u011brou v automobilku.<\/strong><!--more--><\/p>\n<div class=\"_6231b388c0086990921bf42b ogm-container\">\n<div class=\"g_gY\" data-e2e=\"ogm-article-layout\">\n<article class=\"g_g-\" role=\"article\" aria-labelledby=\"accessibility-article\">\n<div class=\"g_gZ\" data-dot=\"ogm-article-content\">\n<div class=\"e_ei e_et\">\n<div class=\"e_a4 speakable\" data-dot=\"mol-paragraph\">\n<p class=\"c_a4\"><span class=\"c_eG\">\u00dadaje o odpisech vych\u00e1zej\u00ed z o\u010dek\u00e1v\u00e1n\u00ed analytik\u016f pro ob\u011b spole\u010dnosti. Volkswagen je nyn\u00ed uprost\u0159ed napjat\u00fdch jedn\u00e1n\u00ed s odbory kv\u016fli sni\u017eov\u00e1n\u00ed n\u00e1klad\u016f ve sv\u00fdch n\u011bmeck\u00fdch provozech. Skupina nebyla schopna dokon\u010dit sv\u00e9 finan\u010dn\u00ed pl\u00e1nov\u00e1n\u00ed pro leto\u0161n\u00ed rok, co\u017e donutilo Porsche SE spol\u00e9hat se p\u0159i sv\u00fdch progn\u00f3z\u00e1ch na o\u010dek\u00e1v\u00e1n\u00ed analytik\u016f.<\/span><\/p>\n<p class=\"c_a4\"><span class=\"c_eG\">Investi\u010dn\u00ed spole\u010dnost, kterou spole\u010dn\u011b vlastn\u00ed rodiny Porscheov\u00fdch a Pi\u00ebchov\u00fdch, uvedla, \u017ee nyn\u00ed o\u010dek\u00e1v\u00e1, \u017ee v\u00fdsledek skupiny po zdan\u011bn\u00ed za rok 2024 bude \u201ev\u00fdrazn\u011b z\u00e1porn\u00fd\u201c. St\u00e1le v\u0161ak p\u0159edpokl\u00e1d\u00e1, \u017ee za tento finan\u010dn\u00ed rok vyplat\u00ed dividendu.<\/span><\/p>\n<\/div>\n<div class=\"e_a4 speakable\" data-dot=\"mol-paragraph\">\n<p class=\"c_a4\"><span class=\"c_eG\">\u201eFinan\u010dn\u00ed pl\u00e1nov\u00e1n\u00ed Volkswagenu bylo ochromeno napjat\u00fdmi jedn\u00e1n\u00edmi mezi veden\u00edm a odbory o mo\u017en\u00e9m uzav\u0159en\u00ed z\u00e1vodu v N\u011bmecku, kter\u00e9 by bylo prvn\u00edm v 87let\u00e9 historii automobilky,\u201c poznamenala agentura Bloomberg.<\/span><\/p>\n<\/div>\n<div class=\"e_a4 speakable\" data-dot=\"mol-paragraph\">\n<p class=\"c_a4\"><span class=\"c_eG\">Spole\u010dnost Porsche SE nicm\u00e9n\u011b uvedla, \u017ee znehodnocen\u00ed jej\u00ed investice do Volkswagenu nebude m\u00edt vliv na jej\u00ed hotovost ani finan\u010dn\u00ed progn\u00f3zy poskytnut\u00e9 spole\u010dnostmi VW nebo Porsche pro rok 2024.<\/span><\/p>\n<p><strong>Zdroj: novinky.cz<\/strong><\/p>\n<\/div>\n<\/div>\n<\/div>\n<\/article>\n<\/div>\n<\/div>\n","protected":false},"excerpt":{"rendered":"<p>Porsche SE, nejv\u011bt\u0161\u00ed akcion\u00e1\u0159 koncernu Volkswagen, o\u010dek\u00e1v\u00e1, \u017ee ze sv\u00e9 investice do nejv\u011bt\u0161\u00ed evropsk\u00e9 automobilky&#8230;<\/p>\n","protected":false},"author":1,"featured_media":3401,"comment_status":"closed","ping_status":"closed","sticky":false,"template":"","format":"standard","meta":{"footnotes":""},"categories":[3,31],"tags":[],"class_list":["post-9762","post","type-post","status-publish","format-standard","has-post-thumbnail","hentry","category-investice","category-news"],"_links":{"self":[{"href":"https:\/\/www.automakers.cz\/index.php?rest_route=\/wp\/v2\/posts\/9762","targetHints":{"allow":["GET"]}}],"collection":[{"href":"https:\/\/www.automakers.cz\/index.php?rest_route=\/wp\/v2\/posts"}],"about":[{"href":"https:\/\/www.automakers.cz\/index.php?rest_route=\/wp\/v2\/types\/post"}],"author":[{"embeddable":true,"href":"https:\/\/www.automakers.cz\/index.php?rest_route=\/wp\/v2\/users\/1"}],"replies":[{"embeddable":true,"href":"https:\/\/www.automakers.cz\/index.php?rest_route=%2Fwp%2Fv2%2Fcomments&post=9762"}],"version-history":[{"count":2,"href":"https:\/\/www.automakers.cz\/index.php?rest_route=\/wp\/v2\/posts\/9762\/revisions"}],"predecessor-version":[{"id":9764,"href":"https:\/\/www.automakers.cz\/index.php?rest_route=\/wp\/v2\/posts\/9762\/revisions\/9764"}],"wp:featuredmedia":[{"embeddable":true,"href":"https:\/\/www.automakers.cz\/index.php?rest_route=\/wp\/v2\/media\/3401"}],"wp:attachment":[{"href":"https:\/\/www.automakers.cz\/index.php?rest_route=%2Fwp%2Fv2%2Fmedia&parent=9762"}],"wp:term":[{"taxonomy":"category","embeddable":true,"href":"https:\/\/www.automakers.cz\/index.php?rest_route=%2Fwp%2Fv2%2Fcategories&post=9762"},{"taxonomy":"post_tag","embeddable":true,"href":"https:\/\/www.automakers.cz\/index.php?rest_route=%2Fwp%2Fv2%2Ftags&post=9762"}],"curies":[{"name":"wp","href":"https:\/\/api.w.org\/{rel}","templated":true}]}}