{"id":9779,"date":"2024-12-17T14:35:05","date_gmt":"2024-12-17T14:35:05","guid":{"rendered":"https:\/\/www.automakers.cz\/?p=9779"},"modified":"2024-12-23T17:35:05","modified_gmt":"2024-12-23T17:35:05","slug":"praha-bezplatne-parkovani-elektroaut-az-do-cervna","status":"publish","type":"post","link":"https:\/\/www.automakers.cz\/?p=9779","title":{"rendered":"Praha: bezplatn\u00e9 parkov\u00e1n\u00ed elektroaut a\u017e do \u010dervna"},"content":{"rendered":"<p class=\"c_a4 g_gP speakable\" data-dot=\"ogm-article-perex\"><strong>Dev\u011bt let byly elektromobily v Praze osvobozeny od placen\u00e9ho parkov\u00e1n\u00ed. S Nov\u00fdm rokem 2025 to m\u011blo skon\u010dit a poplatky se zvednotu i pro sd\u00edlen\u00e1 auta. Hlavn\u00ed m\u011bsto ale lh\u016ftu prodlou\u017eilo o p\u016fl roku.<br \/>\n<\/strong><span id=\"more-9474\"><\/span><!--more--><\/p>\n<p class=\"c_a4 g_gP speakable\" data-dot=\"ogm-article-perex\">Veden\u00ed m\u011bsta v pr\u016fb\u011bhu podzimu ladilo detaily, jednotliv\u00e9 m\u011bstsk\u00e9 \u010d\u00e1sti u\u017e \u0159idi\u010d\u016fm prod\u00e1valy parkovac\u00ed opr\u00e1vn\u011bn\u00ed.<\/p>\n<div class=\"_6234798badaf42f04c71b82e ogm-container\">\n<div class=\"g_gJ\">\n<div class=\"ogm-main-media__container\" data-dot=\"ogm-main-media\" data-e2e=\"ogm-main-media\">\n<p class=\"c_a4\"><span class=\"c_eE\">\u201eElektromobil zab\u00edr\u00e1 na ulici prostorov\u011b stejn\u00e9 m\u00edsto jako auto se spalovac\u00edm motorem a s ohledem na jejich o\u010dek\u00e1van\u00fd n\u00e1r\u016fst tedy nen\u00ed dlouhodob\u011b udr\u017eiteln\u00e9 jejich jednostrann\u00e9 zv\u00fdhodn\u011bn\u00ed s parkov\u00e1n\u00edm zdarma na m\u00edstech rezident\u016f,\u201c \u0159ekl Novink\u00e1m n\u00e1m\u011bstek pra\u017esk\u00e9ho prim\u00e1tora pro dopravu Zden\u011bk H\u0159ib (Pir\u00e1ti).<\/span><\/p>\n<p>Nakonec se ale podle dostupn\u00fdch informac\u00ed nepoda\u0159\u00ed do konce leto\u0161n\u00edho roku sladit p\u0159edstavy v\u0161ech \u010d\u00e1st\u00ed m\u011bsta a Praha tak prodlou\u017eila trv\u00e1n\u00ed dosavadn\u00edho stavu o p\u016fl roku a\u017e do 30. \u010dervna 2025.<\/p>\n<\/div>\n<\/div>\n<\/div>\n<div class=\"_6231b388c0086990921bf42b ogm-container\">\n<div class=\"g_gT\" data-e2e=\"ogm-article-layout\">\n<article class=\"g_gV\" role=\"article\" aria-labelledby=\"accessibility-article\">\n<div class=\"g_gU\" data-dot=\"ogm-article-content\">\n<div class=\"e_eg e_er\">\n<div class=\"e_a4 speakable\" data-dot=\"mol-paragraph\">\n<p class=\"c_a4\"><span class=\"c_eE\">Zm\u011bna se bude t\u00fdkat v\u0161ech aut s registra\u010dn\u00ed zna\u010dkou za\u010d\u00ednaj\u00edc\u00ed p\u00edsmeny EL, tedy i ze s\u00edt\u011b nab\u00edjen\u00fdch plug-in hybrid\u016f.<\/span><\/p>\n<p><strong>Zdroj: Radio Express, archiv<\/strong><\/p>\n<\/div>\n<\/div>\n<\/div>\n<\/article>\n<\/div>\n<\/div>\n","protected":false},"excerpt":{"rendered":"<p>Dev\u011bt let byly elektromobily v Praze osvobozeny od placen\u00e9ho parkov\u00e1n\u00ed. S Nov\u00fdm rokem 2025 to&#8230;<\/p>\n","protected":false},"author":1,"featured_media":736,"comment_status":"closed","ping_status":"closed","sticky":false,"template":"","format":"standard","meta":{"footnotes":""},"categories":[47,9,31],"tags":[],"class_list":["post-9779","post","type-post","status-publish","format-standard","has-post-thumbnail","hentry","category-doprava","category-elektromobily","category-news"],"_links":{"self":[{"href":"https:\/\/www.automakers.cz\/index.php?rest_route=\/wp\/v2\/posts\/9779","targetHints":{"allow":["GET"]}}],"collection":[{"href":"https:\/\/www.automakers.cz\/index.php?rest_route=\/wp\/v2\/posts"}],"about":[{"href":"https:\/\/www.automakers.cz\/index.php?rest_route=\/wp\/v2\/types\/post"}],"author":[{"embeddable":true,"href":"https:\/\/www.automakers.cz\/index.php?rest_route=\/wp\/v2\/users\/1"}],"replies":[{"embeddable":true,"href":"https:\/\/www.automakers.cz\/index.php?rest_route=%2Fwp%2Fv2%2Fcomments&post=9779"}],"version-history":[{"count":1,"href":"https:\/\/www.automakers.cz\/index.php?rest_route=\/wp\/v2\/posts\/9779\/revisions"}],"predecessor-version":[{"id":9780,"href":"https:\/\/www.automakers.cz\/index.php?rest_route=\/wp\/v2\/posts\/9779\/revisions\/9780"}],"wp:featuredmedia":[{"embeddable":true,"href":"https:\/\/www.automakers.cz\/index.php?rest_route=\/wp\/v2\/media\/736"}],"wp:attachment":[{"href":"https:\/\/www.automakers.cz\/index.php?rest_route=%2Fwp%2Fv2%2Fmedia&parent=9779"}],"wp:term":[{"taxonomy":"category","embeddable":true,"href":"https:\/\/www.automakers.cz\/index.php?rest_route=%2Fwp%2Fv2%2Fcategories&post=9779"},{"taxonomy":"post_tag","embeddable":true,"href":"https:\/\/www.automakers.cz\/index.php?rest_route=%2Fwp%2Fv2%2Ftags&post=9779"}],"curies":[{"name":"wp","href":"https:\/\/api.w.org\/{rel}","templated":true}]}}