{"id":9789,"date":"2024-12-17T14:46:36","date_gmt":"2024-12-17T14:46:36","guid":{"rendered":"https:\/\/www.automakers.cz\/?p=9789"},"modified":"2024-12-17T14:48:14","modified_gmt":"2024-12-17T14:48:14","slug":"korporatni-komunikaci-mol-vede-duda","status":"publish","type":"post","link":"https:\/\/www.automakers.cz\/?p=9789","title":{"rendered":"Korpor\u00e1tn\u00ed komunikaci MOL vede Duda"},"content":{"rendered":"<div>\n<p><strong>Na pozici corporate communication manager spole\u010dnosti <em>MOL \u010cesk\u00e1 republika<\/em> k\u00a01. listopadu nastoupil Mikul\u00e1\u0161 Duda. Je zodpov\u011bdn\u00fd za intern\u00ed i\u00a0extern\u00ed komunikaci spole\u010dnosti, budov\u00e1n\u00ed zna\u010dky a\u00a0posilov\u00e1n\u00ed vztah\u016f s\u00a0m\u00e9dii, ve\u0159ejnost\u00ed a\u00a0kl\u00ed\u010dov\u00fdmi partnery.<\/strong><\/p>\n<p>MOL v\u00a0\u010dele s\u00a0gener\u00e1ln\u00edm \u0159editelem <strong>\u013dubo\u0161em Dinkou<\/strong> je druh\u00fdm nejv\u011bt\u0161\u00edm provozovatelem s\u00edt\u011b \u010derpac\u00edch stanic na \u010desk\u00e9m trhu, m\u00e1 jich tu 302.<\/p>\n<p>Duda dosud zast\u00e1val pozici obchodn\u00edho a\u00a0marketingov\u00e9ho \u0159editele spole\u010dnosti <em><strong>VinoDoc<\/strong><\/em>, kter\u00e1 se v\u011bnuje dovozu a\u00a0prodeji v\u00edn. V\u00a0minulosti nejprve v\u00a0komunika\u010dn\u00ed agentu\u0159e Ogilvy PR a\u00a0n\u00e1sledn\u011b jako tiskov\u00fd mluv\u010d\u00ed spole\u010dnosti <em><strong>Poji\u0161\u0165ovna \u010cesk\u00e9 spo\u0159itelny<\/strong><\/em>. V\u00a0letech 2011 a\u017e 2016 p\u016fsobil jako mana\u017eer extern\u00ed komunikace a\u00a0tiskov\u00fd mluv\u010d\u00ed skupiny <em><strong>Unipetrol<\/strong><\/em>.<\/p>\n<p>Ve sv\u00e9 nov\u00e9 funkci bude Duda rovn\u011b\u017e \u00fazce spolupracovat s\u00a0marketingov\u00fdm t\u00fdmem na kampan\u00edch, kter\u00e9 zvy\u0161uj\u00ed pov\u011bdom\u00ed o\u00a0produktech a\u00a0slu\u017eb\u00e1ch s\u00edt\u011b \u010derpac\u00edch stanic MOL. Jde zejm\u00e9na o\u00a0posilov\u00e1n\u00ed zna\u010dky pr\u00e9miov\u00fdch paliv <em><strong>EVO 100 plus<\/strong><\/em> a\u00a0<em><strong>EVO Diesel plus<\/strong><\/em> a\u00a0tak\u00e9 komunikace v\u00fdhod v\u011brnostn\u00ed aplikace <em><strong>MOL Move<\/strong><\/em>. Koncept rychl\u00e9ho ob\u010derstven\u00ed <em><strong>Fresh Corner<\/strong><\/em> pak v\u00a0p\u0159\u00ed\u0161t\u00edm roce oslav\u00ed 10 let na \u010desk\u00e9m trhu.<\/p>\n<p>Zdroj: mediar.cz<\/p>\n<p><img loading=\"lazy\" decoding=\"async\" class=\"alignnone size-medium wp-image-9791\" src=\"http:\/\/www.automakers.cz\/wp-content\/uploads\/2024\/12\/MOL-mikulas-duda-600x900.jpg\" alt=\"\" width=\"600\" height=\"900\" srcset=\"https:\/\/www.automakers.cz\/wp-content\/uploads\/2024\/12\/MOL-mikulas-duda-600x900.jpg 600w, https:\/\/www.automakers.cz\/wp-content\/uploads\/2024\/12\/MOL-mikulas-duda-683x1024.jpg 683w, https:\/\/www.automakers.cz\/wp-content\/uploads\/2024\/12\/MOL-mikulas-duda-768x1152.jpg 768w, https:\/\/www.automakers.cz\/wp-content\/uploads\/2024\/12\/MOL-mikulas-duda-1024x1536.jpg 1024w, https:\/\/www.automakers.cz\/wp-content\/uploads\/2024\/12\/MOL-mikulas-duda.jpg 1200w\" sizes=\"auto, (max-width: 600px) 100vw, 600px\" \/><\/p>\n<\/div>\n<p><!--more--><\/p>\n","protected":false},"excerpt":{"rendered":"<p>Na pozici corporate communication manager spole\u010dnosti MOL \u010cesk\u00e1 republika k\u00a01. listopadu nastoupil Mikul\u00e1\u0161 Duda. Je&#8230;<\/p>\n","protected":false},"author":1,"featured_media":7196,"comment_status":"closed","ping_status":"closed","sticky":false,"template":"","format":"standard","meta":{"footnotes":""},"categories":[5,21],"tags":[],"class_list":["post-9789","post","type-post","status-publish","format-standard","has-post-thumbnail","hentry","category-personalie","category-pr"],"_links":{"self":[{"href":"https:\/\/www.automakers.cz\/index.php?rest_route=\/wp\/v2\/posts\/9789","targetHints":{"allow":["GET"]}}],"collection":[{"href":"https:\/\/www.automakers.cz\/index.php?rest_route=\/wp\/v2\/posts"}],"about":[{"href":"https:\/\/www.automakers.cz\/index.php?rest_route=\/wp\/v2\/types\/post"}],"author":[{"embeddable":true,"href":"https:\/\/www.automakers.cz\/index.php?rest_route=\/wp\/v2\/users\/1"}],"replies":[{"embeddable":true,"href":"https:\/\/www.automakers.cz\/index.php?rest_route=%2Fwp%2Fv2%2Fcomments&post=9789"}],"version-history":[{"count":3,"href":"https:\/\/www.automakers.cz\/index.php?rest_route=\/wp\/v2\/posts\/9789\/revisions"}],"predecessor-version":[{"id":9793,"href":"https:\/\/www.automakers.cz\/index.php?rest_route=\/wp\/v2\/posts\/9789\/revisions\/9793"}],"wp:featuredmedia":[{"embeddable":true,"href":"https:\/\/www.automakers.cz\/index.php?rest_route=\/wp\/v2\/media\/7196"}],"wp:attachment":[{"href":"https:\/\/www.automakers.cz\/index.php?rest_route=%2Fwp%2Fv2%2Fmedia&parent=9789"}],"wp:term":[{"taxonomy":"category","embeddable":true,"href":"https:\/\/www.automakers.cz\/index.php?rest_route=%2Fwp%2Fv2%2Fcategories&post=9789"},{"taxonomy":"post_tag","embeddable":true,"href":"https:\/\/www.automakers.cz\/index.php?rest_route=%2Fwp%2Fv2%2Ftags&post=9789"}],"curies":[{"name":"wp","href":"https:\/\/api.w.org\/{rel}","templated":true}]}}