{"id":9808,"date":"2024-12-19T08:45:46","date_gmt":"2024-12-19T08:45:46","guid":{"rendered":"https:\/\/www.automakers.cz\/?p=9808"},"modified":"2024-12-19T13:31:34","modified_gmt":"2024-12-19T13:31:34","slug":"kmn-volil-vybor-a-vyhlasil-anketu-pr-roku-sda-2024","status":"publish","type":"post","link":"https:\/\/www.automakers.cz\/?p=9808","title":{"rendered":"KMN volil v\u00fdbor a vyhl\u00e1sil anketu PR roku"},"content":{"rendered":"<p><strong>V jak\u00e9 podob\u011b p\u016fjde do roku 2025 Klub motoristick\u00fdch novin\u00e1\u0159\u016f a kdo bude v jeho veden\u00ed? O slo\u017een\u00ed v\u00fdboru klubu hlasovala valn\u00e1 hromada, zhodnotila tak\u00e9 rok leto\u0161n\u00ed a vyhl\u00e1sila anketu PR roku SDA 2024.<\/strong><!--more--><\/p>\n<p>Valnou hromadu konanou v hotelu \u010certousy zah\u00e1jil p\u0159edseda klubu Michal Busta jako mimo\u0159\u00e1dnou volebn\u00ed. Klub eviduje k prosinci 2024 celkem 72 \u010dlen\u016f, na valn\u00e9 hromad\u011b bylo p\u0159\u00edtomno 36 novin\u00e1\u0159\u016f.<\/p>\n<p>Slo\u017een\u00ed mand\u00e1tov\u00e9 komise VH \u2013 Roman Pol\u00e1\u010dek, Volebn\u00ed komise \u2013 Marek Tom\u00ed\u0161ek, Pokladna \u2013 Eva Srpov\u00e1, Zapisovatel \u2013 Erich Handl<\/p>\n<p><img loading=\"lazy\" decoding=\"async\" class=\"alignnone size-full wp-image-9265\" src=\"http:\/\/www.automakers.cz\/wp-content\/uploads\/2024\/11\/Auto-roku-2025-Certousy-skupina-e1732867717490.png\" alt=\"\" width=\"540\" height=\"249\" \/><br \/>\n<strong>Zhodnocen\u00ed \u010dinnosti klubu<\/strong><\/p>\n<p>Zhodnocena byla \u010dinnost za rok 2024,v\u010detn\u011b pr\u00e1v\u011b ukon\u010den\u00fdch testovac\u00edch j\u00edzd ankety Auto roku 2025 v \u010cR, kter\u00e9 ji\u017e tradi\u010dn\u011b po\u0159\u00e1dal SDA ve spolupr\u00e1ci s klubem.<\/p>\n<p>Michal Busta pouk\u00e1zal na zm\u011bnu ze sdru\u017een\u00ed na spolek. N\u00e1klady na anketu PR roku vy\u010d\u00edsleny na 11 280 K\u010d. Up\u0159esn\u011bna byla i celkov\u00e1 \u00fa\u010detn\u00ed bilance klubu.<\/p>\n<p>Prob\u011bhlo p\u0159ijet\u00ed nov\u00fdch \u010dlen\u016f a vy\u0159azen\u00ed n\u011bkter\u00fdch neplati\u010d\u016f. 2. ledna bude aktualizov\u00e1n seznam \u010dlen\u016f na klubov\u00e9m webu. Pro z\u00e1jemce byly p\u0159ipraveny nov\u00e9 \u010dlensk\u00e9 pr\u016fkazky.<\/p>\n<p>D\u00e1le prob\u011bhla volba \u010dlen\u016f 5 \u010dlenn\u00e9ho v\u00fdboru \u2013 zvoleni aklamac\u00ed Busta, Handl, Srpov\u00e1, Tom\u00ed\u0161ek, Pol\u00e1\u010dek. V\u00fdbor pot\u00e9 potvrdil na pozici p\u0159edsedy Michala Bustu.<\/p>\n<p><img loading=\"lazy\" decoding=\"async\" class=\"alignnone size-medium wp-image-9812\" src=\"http:\/\/www.automakers.cz\/wp-content\/uploads\/2024\/12\/KMN-vybor-Busta-900x506.jpg\" alt=\"\" width=\"900\" height=\"506\" srcset=\"https:\/\/www.automakers.cz\/wp-content\/uploads\/2024\/12\/KMN-vybor-Busta-900x506.jpg 900w, https:\/\/www.automakers.cz\/wp-content\/uploads\/2024\/12\/KMN-vybor-Busta-1024x576.jpg 1024w, https:\/\/www.automakers.cz\/wp-content\/uploads\/2024\/12\/KMN-vybor-Busta-768x432.jpg 768w, https:\/\/www.automakers.cz\/wp-content\/uploads\/2024\/12\/KMN-vybor-Busta-1536x864.jpg 1536w, https:\/\/www.automakers.cz\/wp-content\/uploads\/2024\/12\/KMN-vybor-Busta-1280x720.jpg 1280w, https:\/\/www.automakers.cz\/wp-content\/uploads\/2024\/12\/KMN-vybor-Busta.jpg 2040w\" sizes=\"auto, (max-width: 900px) 100vw, 900px\" \/><b>Na hromad\u011b prob\u011bhlo vyb\u00edr\u00e1n\u00ed \u010dlensk\u00fdch p\u0159\u00edsp\u011bvk\u016f za leto\u0161n\u00ed rok, p\u0159\u00edsp\u011bvky je mo\u017en\u00e9 uhradit i bezhotovostn\u011b na \u00fa\u010det KMN.<\/b><\/p>\n<p>\u201eR\u00e1d p\u0159ipomenul povinnost\u00a0<b>uhradit \u010dlensk\u00e9 p\u0159\u00edsp\u011bvky KMN za rok 2024 nejpozd\u011bji do konce roku<\/b>\u00a0ve v\u00fd\u0161i\u00a0<b>400 K\u010d.<\/b>\u00a0Tato platba je u\u017e platn\u00e1 i pro b\u00fdval\u00e9 \u010dleny KMP. V\u00a0p\u0159\u00edpad\u011b neuhrazen\u00ed je pak od ledna 2025 \u010d\u00e1stka zv\u00fd\u0161ena na 600 K\u010d (\u010d\u00edslo bankovn\u00edho konta: 51-842820267\/0100; v r\u00e1mci platby nezapome\u0148te do zpr\u00e1vy p\u0159\u00edjemce uv\u00e9st sv\u00e9 jm\u00e9no). D\u00e1le p\u0159ipom\u00edn\u00e1m, \u017ee st\u00e1le hodn\u011b \u010dlen\u016f nem\u00e1 zaplacen\u00e9 p\u0159\u00edsp\u011bvky za rok 2023. Pokud tak nebude u\u010din\u011bno do konce leto\u0161n\u00edho roku, bude zru\u0161eno jejich \u010dlenstv\u00ed,\u201c p\u0159ipomn\u011bl Michal Busta.<\/p>\n<p>Webmaster klubu Erich Handl p\u0159ipomn\u011bl nutnost z\u00edskat do majetku klubu dom\u00e9nu kmn.cz od p. Hyana.<\/p>\n<p><strong>Anketa PR roku SDA 2024<\/strong><\/p>\n<p>Valn\u00e1 hromada KMN vyhl\u00e1sila zah\u00e1jen\u00ed tradi\u010dn\u00ed ankety PR roku 2024 SDA. O nejlep\u0161\u00edho mluv\u010d\u00edho se bude hlasovat v lednu, v\u00edt\u011bz bude vyhl\u00e1\u0161en 4. \u00fanora spole\u010dn\u011b s v\u00fdsledky ankety Auto roku 2025 v \u010cR. Distribuci hlasovac\u00edch l\u00edstk\u016f zajist\u00ed Handl, Busta, ceny pro v\u00edt\u011bze Michal Busta.<\/p>\n<p><strong>Zdroj: E. Handl, zapisovatel<\/strong><\/p>\n<p><img loading=\"lazy\" decoding=\"async\" class=\"alignnone size-medium wp-image-9811\" src=\"http:\/\/www.automakers.cz\/wp-content\/uploads\/2024\/12\/KMN-VH-Handl-Busta-Srpova-Tomisek-900x506.jpg\" alt=\"\" width=\"900\" height=\"506\" srcset=\"https:\/\/www.automakers.cz\/wp-content\/uploads\/2024\/12\/KMN-VH-Handl-Busta-Srpova-Tomisek-900x506.jpg 900w, https:\/\/www.automakers.cz\/wp-content\/uploads\/2024\/12\/KMN-VH-Handl-Busta-Srpova-Tomisek-1024x576.jpg 1024w, https:\/\/www.automakers.cz\/wp-content\/uploads\/2024\/12\/KMN-VH-Handl-Busta-Srpova-Tomisek-768x432.jpg 768w, https:\/\/www.automakers.cz\/wp-content\/uploads\/2024\/12\/KMN-VH-Handl-Busta-Srpova-Tomisek-1536x864.jpg 1536w, https:\/\/www.automakers.cz\/wp-content\/uploads\/2024\/12\/KMN-VH-Handl-Busta-Srpova-Tomisek-1280x720.jpg 1280w, https:\/\/www.automakers.cz\/wp-content\/uploads\/2024\/12\/KMN-VH-Handl-Busta-Srpova-Tomisek.jpg 2040w\" sizes=\"auto, (max-width: 900px) 100vw, 900px\" \/><\/p>\n","protected":false},"excerpt":{"rendered":"<p>V jak\u00e9 podob\u011b p\u016fjde do roku 2025 Klub motoristick\u00fdch novin\u00e1\u0159\u016f a kdo bude v jeho&#8230;<\/p>\n","protected":false},"author":1,"featured_media":9810,"comment_status":"closed","ping_status":"closed","sticky":false,"template":"","format":"standard","meta":{"footnotes":""},"categories":[32,26,27],"tags":[],"class_list":["post-9808","post","type-post","status-publish","format-standard","has-post-thumbnail","hentry","category-ankety","category-eventy","category-novinari"],"_links":{"self":[{"href":"https:\/\/www.automakers.cz\/index.php?rest_route=\/wp\/v2\/posts\/9808","targetHints":{"allow":["GET"]}}],"collection":[{"href":"https:\/\/www.automakers.cz\/index.php?rest_route=\/wp\/v2\/posts"}],"about":[{"href":"https:\/\/www.automakers.cz\/index.php?rest_route=\/wp\/v2\/types\/post"}],"author":[{"embeddable":true,"href":"https:\/\/www.automakers.cz\/index.php?rest_route=\/wp\/v2\/users\/1"}],"replies":[{"embeddable":true,"href":"https:\/\/www.automakers.cz\/index.php?rest_route=%2Fwp%2Fv2%2Fcomments&post=9808"}],"version-history":[{"count":8,"href":"https:\/\/www.automakers.cz\/index.php?rest_route=\/wp\/v2\/posts\/9808\/revisions"}],"predecessor-version":[{"id":9826,"href":"https:\/\/www.automakers.cz\/index.php?rest_route=\/wp\/v2\/posts\/9808\/revisions\/9826"}],"wp:featuredmedia":[{"embeddable":true,"href":"https:\/\/www.automakers.cz\/index.php?rest_route=\/wp\/v2\/media\/9810"}],"wp:attachment":[{"href":"https:\/\/www.automakers.cz\/index.php?rest_route=%2Fwp%2Fv2%2Fmedia&parent=9808"}],"wp:term":[{"taxonomy":"category","embeddable":true,"href":"https:\/\/www.automakers.cz\/index.php?rest_route=%2Fwp%2Fv2%2Fcategories&post=9808"},{"taxonomy":"post_tag","embeddable":true,"href":"https:\/\/www.automakers.cz\/index.php?rest_route=%2Fwp%2Fv2%2Ftags&post=9808"}],"curies":[{"name":"wp","href":"https:\/\/api.w.org\/{rel}","templated":true}]}}